{"id":4853,"date":"2026-09-01T17:05:14","date_gmt":"2026-09-01T20:05:14","guid":{"rendered":"https:\/\/mut.cl\/?p=4853"},"modified":"2026-09-01T17:05:14","modified_gmt":"2026-09-01T20:05:14","slug":"enrique-lihn","status":"publish","type":"post","link":"https:\/\/mut.cl\/es\/enrique-lihn\/","title":{"rendered":"Enrique Lihn"},"content":{"rendered":"<p>Durante el mes de septiembre homenajeamos a Enrique Lihn, nacido en Santiago en 1929, uno de los poetas, escritores y artistas m\u00e1s destacados de la literatura chilena del siglo XX. Su obra explor\u00f3 la poes\u00eda, la narrativa y las artes visuales.<\/p>","protected":false},"excerpt":{"rendered":"<p>Durante el mes de septiembre homenajeamos a Enrique Lihn, nacido en Santiago en 1929, uno de los poetas, escritores y artistas m\u00e1s destacados de la literatura chilena del siglo XX. Su obra explor\u00f3 la poes\u00eda, la narrativa y las artes visuales.<\/p>\n","protected":false},"author":5,"featured_media":4856,"comment_status":"open","ping_status":"open","sticky":false,"template":"","format":"standard","meta":{"_acf_changed":false,"_relevanssi_hide_post":"","_relevanssi_hide_content":"","_relevanssi_pin_for_all":"","_relevanssi_pin_keywords":"","_relevanssi_unpin_keywords":"","_relevanssi_related_keywords":"","_relevanssi_related_include_ids":"","_relevanssi_related_exclude_ids":"","_relevanssi_related_no_append":"","_relevanssi_related_not_related":"","_relevanssi_related_posts":"","_relevanssi_noindex_reason":"","footnotes":""},"categories":[6],"tags":[853,864,854],"piso":[49],"estacion":[],"tipo_dieta":[],"ocasion":[],"class_list":["post-4853","post","type-post","status-publish","format-standard","has-post-thumbnail","hentry","category-proyecciones-culturales","tag-homenaje","tag-literatura","tag-poesia","piso-piso-3-la-estacion"],"acf":[],"yoast_head":"<!-- This site is optimized with the Yoast SEO plugin v28.2 - https:\/\/yoast.com\/product\/yoast-seo-wordpress\/ -->\n<title>Enrique Lihn - MUT<\/title>\n<meta name=\"robots\" content=\"index, follow, max-snippet:-1, max-image-preview:large, max-video-preview:-1\" \/>\n<link rel=\"canonical\" href=\"https:\/\/mut.cl\/enrique-lihn\/\" \/>\n<meta property=\"og:locale\" content=\"es_ES\" \/>\n<meta property=\"og:type\" content=\"article\" \/>\n<meta property=\"og:title\" content=\"[:es]Enrique Lihn[:] - MUT\" \/>\n<meta property=\"og:description\" content=\"Durante el mes de septiembre homenajeamos a Enrique Lihn, nacido en Santiago en 1929, uno de los poetas, escritores y artistas m\u00e1s destacados de la literatura chilena del siglo XX. Su obra explor\u00f3 la poes\u00eda, la narrativa y las artes visuales.\" \/>\n<meta property=\"og:url\" content=\"https:\/\/mut.cl\/enrique-lihn\/\" \/>\n<meta property=\"og:site_name\" content=\"MUT\" \/>\n<meta property=\"article:published_time\" content=\"2026-09-01T20:05:14+00:00\" \/>\n<meta property=\"og:image\" content=\"https:\/\/mut.cl\/cms\/wp-content\/uploads\/2026\/09\/Homenaje-Enrique-Lihn-scaled-e1788293021568.jpg\" \/>\n\t<meta property=\"og:image:width\" content=\"1143\" \/>\n\t<meta property=\"og:image:height\" content=\"644\" \/>\n\t<meta property=\"og:image:type\" content=\"image\/jpeg\" \/>\n<meta name=\"author\" content=\"Juan Pablo Echenique\" \/>\n<meta name=\"twitter:card\" content=\"summary_large_image\" \/>\n<meta name=\"twitter:label1\" content=\"Escrito por\" \/>\n\t<meta name=\"twitter:data1\" content=\"Juan Pablo Echenique\" \/>\n\t<meta name=\"twitter:label2\" content=\"Tiempo de lectura\" \/>\n\t<meta name=\"twitter:data2\" content=\"1 minuto\" \/>\n<script type=\"application\/ld+json\" class=\"yoast-schema-graph\">{\"@context\":\"https:\\\/\\\/schema.org\",\"@graph\":[{\"@type\":\"Article\",\"@id\":\"https:\\\/\\\/mut.cl\\\/enrique-lihn\\\/#article\",\"isPartOf\":{\"@id\":\"https:\\\/\\\/mut.cl\\\/enrique-lihn\\\/\"},\"author\":{\"name\":\"Juan Pablo Echenique\",\"@id\":\"https:\\\/\\\/mut.cl\\\/es\\\/#\\\/schema\\\/person\\\/70cedc52824d2fccc8d807b104340eee\"},\"headline\":\"Enrique Lihn\",\"datePublished\":\"2026-09-01T20:05:14+00:00\",\"mainEntityOfPage\":{\"@id\":\"https:\\\/\\\/mut.cl\\\/enrique-lihn\\\/\"},\"wordCount\":46,\"commentCount\":0,\"image\":{\"@id\":\"https:\\\/\\\/mut.cl\\\/enrique-lihn\\\/#primaryimage\"},\"thumbnailUrl\":\"https:\\\/\\\/mut.cl\\\/cms\\\/wp-content\\\/uploads\\\/2026\\\/09\\\/Homenaje-Enrique-Lihn-scaled-e1788293021568.jpg\",\"keywords\":[\"Homenaje\",\"Literatura\",\"Poes\u00eda\"],\"articleSection\":[\"Proyecciones Culturales\"],\"inLanguage\":\"es\",\"potentialAction\":[{\"@type\":\"CommentAction\",\"name\":\"Comment\",\"target\":[\"https:\\\/\\\/mut.cl\\\/enrique-lihn\\\/#respond\"]}]},{\"@type\":\"WebPage\",\"@id\":\"https:\\\/\\\/mut.cl\\\/enrique-lihn\\\/\",\"url\":\"https:\\\/\\\/mut.cl\\\/enrique-lihn\\\/\",\"name\":\"[:es]Enrique Lihn[:] - MUT\",\"isPartOf\":{\"@id\":\"https:\\\/\\\/mut.cl\\\/es\\\/#website\"},\"primaryImageOfPage\":{\"@id\":\"https:\\\/\\\/mut.cl\\\/enrique-lihn\\\/#primaryimage\"},\"image\":{\"@id\":\"https:\\\/\\\/mut.cl\\\/enrique-lihn\\\/#primaryimage\"},\"thumbnailUrl\":\"https:\\\/\\\/mut.cl\\\/cms\\\/wp-content\\\/uploads\\\/2026\\\/09\\\/Homenaje-Enrique-Lihn-scaled-e1788293021568.jpg\",\"datePublished\":\"2026-09-01T20:05:14+00:00\",\"author\":{\"@id\":\"https:\\\/\\\/mut.cl\\\/es\\\/#\\\/schema\\\/person\\\/70cedc52824d2fccc8d807b104340eee\"},\"breadcrumb\":{\"@id\":\"https:\\\/\\\/mut.cl\\\/enrique-lihn\\\/#breadcrumb\"},\"inLanguage\":\"es\",\"potentialAction\":[{\"@type\":\"ReadAction\",\"target\":[\"https:\\\/\\\/mut.cl\\\/enrique-lihn\\\/\"]}]},{\"@type\":\"ImageObject\",\"inLanguage\":\"es\",\"@id\":\"https:\\\/\\\/mut.cl\\\/enrique-lihn\\\/#primaryimage\",\"url\":\"https:\\\/\\\/mut.cl\\\/cms\\\/wp-content\\\/uploads\\\/2026\\\/09\\\/Homenaje-Enrique-Lihn-scaled-e1788293021568.jpg\",\"contentUrl\":\"https:\\\/\\\/mut.cl\\\/cms\\\/wp-content\\\/uploads\\\/2026\\\/09\\\/Homenaje-Enrique-Lihn-scaled-e1788293021568.jpg\",\"width\":1143,\"height\":644},{\"@type\":\"BreadcrumbList\",\"@id\":\"https:\\\/\\\/mut.cl\\\/enrique-lihn\\\/#breadcrumb\",\"itemListElement\":[{\"@type\":\"ListItem\",\"position\":1,\"name\":\"Home\",\"item\":\"https:\\\/\\\/mut.cl\\\/es\\\/\"},{\"@type\":\"ListItem\",\"position\":2,\"name\":\"Enrique Lihn\"}]},{\"@type\":\"WebSite\",\"@id\":\"https:\\\/\\\/mut.cl\\\/es\\\/#website\",\"url\":\"https:\\\/\\\/mut.cl\\\/es\\\/\",\"name\":\"MUT\",\"description\":\"Mercado Urbano Tobalaba\",\"potentialAction\":[{\"@type\":\"SearchAction\",\"target\":{\"@type\":\"EntryPoint\",\"urlTemplate\":\"https:\\\/\\\/mut.cl\\\/es\\\/?s={search_term_string}\"},\"query-input\":{\"@type\":\"PropertyValueSpecification\",\"valueRequired\":true,\"valueName\":\"search_term_string\"}}],\"inLanguage\":\"es\"},{\"@type\":\"Person\",\"@id\":\"https:\\\/\\\/mut.cl\\\/es\\\/#\\\/schema\\\/person\\\/70cedc52824d2fccc8d807b104340eee\",\"name\":\"Juan Pablo Echenique\",\"image\":{\"@type\":\"ImageObject\",\"inLanguage\":\"es\",\"@id\":\"https:\\\/\\\/secure.gravatar.com\\\/avatar\\\/120c7f4f4459cf528937bb442926e57a1d241ded5f9f3ba3584f442e03794639?s=96&d=mm&r=g\",\"url\":\"https:\\\/\\\/secure.gravatar.com\\\/avatar\\\/120c7f4f4459cf528937bb442926e57a1d241ded5f9f3ba3584f442e03794639?s=96&d=mm&r=g\",\"contentUrl\":\"https:\\\/\\\/secure.gravatar.com\\\/avatar\\\/120c7f4f4459cf528937bb442926e57a1d241ded5f9f3ba3584f442e03794639?s=96&d=mm&r=g\",\"caption\":\"Juan Pablo Echenique\"},\"url\":\"https:\\\/\\\/mut.cl\\\/es\\\/author\\\/jpecheniqueterritoria-cl\\\/\"}]}<\/script>\n<!-- \/ Yoast SEO plugin. -->","yoast_head_json":{"title":"[:es]Enrique Lihn[:] - MUT","robots":{"index":"index","follow":"follow","max-snippet":"max-snippet:-1","max-image-preview":"max-image-preview:large","max-video-preview":"max-video-preview:-1"},"canonical":"https:\/\/mut.cl\/enrique-lihn\/","og_locale":"es_ES","og_type":"article","og_title":"[:es]Enrique Lihn[:] - MUT","og_description":"Durante el mes de septiembre homenajeamos a Enrique Lihn, nacido en Santiago en 1929, uno de los poetas, escritores y artistas m\u00e1s destacados de la literatura chilena del siglo XX. Su obra explor\u00f3 la poes\u00eda, la narrativa y las artes visuales.","og_url":"https:\/\/mut.cl\/enrique-lihn\/","og_site_name":"MUT","article_published_time":"2026-09-01T20:05:14+00:00","og_image":[{"width":1143,"height":644,"url":"https:\/\/mut.cl\/cms\/wp-content\/uploads\/2026\/09\/Homenaje-Enrique-Lihn-scaled-e1788293021568.jpg","type":"image\/jpeg"}],"author":"Juan Pablo Echenique","twitter_card":"summary_large_image","twitter_misc":{"Escrito por":"Juan Pablo Echenique","Tiempo de lectura":"1 minuto"},"schema":{"@context":"https:\/\/schema.org","@graph":[{"@type":"Article","@id":"https:\/\/mut.cl\/enrique-lihn\/#article","isPartOf":{"@id":"https:\/\/mut.cl\/enrique-lihn\/"},"author":{"name":"Juan Pablo Echenique","@id":"https:\/\/mut.cl\/es\/#\/schema\/person\/70cedc52824d2fccc8d807b104340eee"},"headline":"Enrique Lihn","datePublished":"2026-09-01T20:05:14+00:00","mainEntityOfPage":{"@id":"https:\/\/mut.cl\/enrique-lihn\/"},"wordCount":46,"commentCount":0,"image":{"@id":"https:\/\/mut.cl\/enrique-lihn\/#primaryimage"},"thumbnailUrl":"https:\/\/mut.cl\/cms\/wp-content\/uploads\/2026\/09\/Homenaje-Enrique-Lihn-scaled-e1788293021568.jpg","keywords":["Homenaje","Literatura","Poes\u00eda"],"articleSection":["Proyecciones Culturales"],"inLanguage":"es","potentialAction":[{"@type":"CommentAction","name":"Comment","target":["https:\/\/mut.cl\/enrique-lihn\/#respond"]}]},{"@type":"WebPage","@id":"https:\/\/mut.cl\/enrique-lihn\/","url":"https:\/\/mut.cl\/enrique-lihn\/","name":"[:es]Enrique Lihn[:] - MUT","isPartOf":{"@id":"https:\/\/mut.cl\/es\/#website"},"primaryImageOfPage":{"@id":"https:\/\/mut.cl\/enrique-lihn\/#primaryimage"},"image":{"@id":"https:\/\/mut.cl\/enrique-lihn\/#primaryimage"},"thumbnailUrl":"https:\/\/mut.cl\/cms\/wp-content\/uploads\/2026\/09\/Homenaje-Enrique-Lihn-scaled-e1788293021568.jpg","datePublished":"2026-09-01T20:05:14+00:00","author":{"@id":"https:\/\/mut.cl\/es\/#\/schema\/person\/70cedc52824d2fccc8d807b104340eee"},"breadcrumb":{"@id":"https:\/\/mut.cl\/enrique-lihn\/#breadcrumb"},"inLanguage":"es","potentialAction":[{"@type":"ReadAction","target":["https:\/\/mut.cl\/enrique-lihn\/"]}]},{"@type":"ImageObject","inLanguage":"es","@id":"https:\/\/mut.cl\/enrique-lihn\/#primaryimage","url":"https:\/\/mut.cl\/cms\/wp-content\/uploads\/2026\/09\/Homenaje-Enrique-Lihn-scaled-e1788293021568.jpg","contentUrl":"https:\/\/mut.cl\/cms\/wp-content\/uploads\/2026\/09\/Homenaje-Enrique-Lihn-scaled-e1788293021568.jpg","width":1143,"height":644},{"@type":"BreadcrumbList","@id":"https:\/\/mut.cl\/enrique-lihn\/#breadcrumb","itemListElement":[{"@type":"ListItem","position":1,"name":"Home","item":"https:\/\/mut.cl\/es\/"},{"@type":"ListItem","position":2,"name":"Enrique Lihn"}]},{"@type":"WebSite","@id":"https:\/\/mut.cl\/es\/#website","url":"https:\/\/mut.cl\/es\/","name":"MUT","description":"Mercado Urbano Tobalaba","potentialAction":[{"@type":"SearchAction","target":{"@type":"EntryPoint","urlTemplate":"https:\/\/mut.cl\/es\/?s={search_term_string}"},"query-input":{"@type":"PropertyValueSpecification","valueRequired":true,"valueName":"search_term_string"}}],"inLanguage":"es"},{"@type":"Person","@id":"https:\/\/mut.cl\/es\/#\/schema\/person\/70cedc52824d2fccc8d807b104340eee","name":"Juan Pablo Echenique","image":{"@type":"ImageObject","inLanguage":"es","@id":"https:\/\/secure.gravatar.com\/avatar\/120c7f4f4459cf528937bb442926e57a1d241ded5f9f3ba3584f442e03794639?s=96&d=mm&r=g","url":"https:\/\/secure.gravatar.com\/avatar\/120c7f4f4459cf528937bb442926e57a1d241ded5f9f3ba3584f442e03794639?s=96&d=mm&r=g","contentUrl":"https:\/\/secure.gravatar.com\/avatar\/120c7f4f4459cf528937bb442926e57a1d241ded5f9f3ba3584f442e03794639?s=96&d=mm&r=g","caption":"Juan Pablo Echenique"},"url":"https:\/\/mut.cl\/es\/author\/jpecheniqueterritoria-cl\/"}]}},"_links":{"self":[{"href":"https:\/\/mut.cl\/es\/wp-json\/wp\/v2\/posts\/4853","targetHints":{"allow":["GET"]}}],"collection":[{"href":"https:\/\/mut.cl\/es\/wp-json\/wp\/v2\/posts"}],"about":[{"href":"https:\/\/mut.cl\/es\/wp-json\/wp\/v2\/types\/post"}],"author":[{"embeddable":true,"href":"https:\/\/mut.cl\/es\/wp-json\/wp\/v2\/users\/5"}],"replies":[{"embeddable":true,"href":"https:\/\/mut.cl\/es\/wp-json\/wp\/v2\/comments?post=4853"}],"version-history":[{"count":2,"href":"https:\/\/mut.cl\/es\/wp-json\/wp\/v2\/posts\/4853\/revisions"}],"predecessor-version":[{"id":4857,"href":"https:\/\/mut.cl\/es\/wp-json\/wp\/v2\/posts\/4853\/revisions\/4857"}],"wp:featuredmedia":[{"embeddable":true,"href":"https:\/\/mut.cl\/es\/wp-json\/wp\/v2\/media\/4856"}],"wp:attachment":[{"href":"https:\/\/mut.cl\/es\/wp-json\/wp\/v2\/media?parent=4853"}],"wp:term":[{"taxonomy":"category","embeddable":true,"href":"https:\/\/mut.cl\/es\/wp-json\/wp\/v2\/categories?post=4853"},{"taxonomy":"post_tag","embeddable":true,"href":"https:\/\/mut.cl\/es\/wp-json\/wp\/v2\/tags?post=4853"},{"taxonomy":"piso","embeddable":true,"href":"https:\/\/mut.cl\/es\/wp-json\/wp\/v2\/piso?post=4853"},{"taxonomy":"estacion","embeddable":true,"href":"https:\/\/mut.cl\/es\/wp-json\/wp\/v2\/estacion?post=4853"},{"taxonomy":"tipo_dieta","embeddable":true,"href":"https:\/\/mut.cl\/es\/wp-json\/wp\/v2\/tipo_dieta?post=4853"},{"taxonomy":"ocasion","embeddable":true,"href":"https:\/\/mut.cl\/es\/wp-json\/wp\/v2\/ocasion?post=4853"}],"curies":[{"name":"wp","href":"https:\/\/api.w.org\/{rel}","templated":true}]}}